{"id":4079,"date":"2025-07-15T17:01:30","date_gmt":"2025-07-15T15:01:30","guid":{"rendered":"https:\/\/rubean.com\/?p=4079"},"modified":"2025-07-15T17:03:05","modified_gmt":"2025-07-15T15:03:05","slug":"henrica-van-de-velden-appointed-new-chairwoman-of-the-supervisory-board","status":"publish","type":"post","link":"https:\/\/rubean.com\/es\/2025\/07\/15\/henrica-van-de-velden-appointed-new-chairwoman-of-the-supervisory-board\/","title":{"rendered":"Henrica van de Velden nombrada nueva Presidenta del Consejo de Supervisi\u00f3n"},"content":{"rendered":"<div data-elementor-type=\"wp-post\" data-elementor-id=\"4079\" class=\"elementor elementor-4079\" data-elementor-post-type=\"post\">\n\t\t\t\t\t\t<section class=\"elementor-section elementor-top-section elementor-element elementor-element-6c122bb elementor-section-full_width elementor-section-height-default elementor-section-height-default\" data-id=\"6c122bb\" data-element_type=\"section\" data-e-type=\"section\">\n\t\t\t\t\t\t<div class=\"elementor-container elementor-column-gap-default\">\n\t\t\t\t\t<div class=\"elementor-column elementor-col-100 elementor-top-column elementor-element elementor-element-985a9a1\" data-id=\"985a9a1\" data-element_type=\"column\" data-e-type=\"column\">\n\t\t\t<div class=\"elementor-widget-wrap elementor-element-populated\">\n\t\t\t\t\t\t<div class=\"elementor-element elementor-element-ca4f560 elementor-icon-list--layout-traditional elementor-list-item-link-full_width elementor-widget elementor-widget-icon-list\" data-id=\"ca4f560\" data-element_type=\"widget\" data-e-type=\"widget\" data-widget_type=\"icon-list.default\">\n\t\t\t\t<div class=\"elementor-widget-container\">\n\t\t\t\t\t\t\t<ul class=\"elementor-icon-list-items\">\n\t\t\t\t\t\t\t<li class=\"elementor-icon-list-item\">\n\t\t\t\t\t\t\t\t\t\t\t<span class=\"elementor-icon-list-icon\">\n\t\t\t\t\t\t\t<i aria-hidden=\"true\" class=\"fas fa-check-circle\"><\/i>\t\t\t\t\t\t<\/span>\n\t\t\t\t\t\t\t\t\t\t<span class=\"elementor-icon-list-text\">Bernd Martin Krohn nombrado Vicepresidente del Consejo de Supervisi\u00f3n<\/span>\n\t\t\t\t\t\t\t\t\t<\/li>\n\t\t\t\t\t\t\t\t<li class=\"elementor-icon-list-item\">\n\t\t\t\t\t\t\t\t\t\t\t<span class=\"elementor-icon-list-icon\">\n\t\t\t\t\t\t\t<i aria-hidden=\"true\" class=\"fas fa-check-circle\"><\/i>\t\t\t\t\t\t<\/span>\n\t\t\t\t\t\t\t\t\t\t<span class=\"elementor-icon-list-text\">La Junta General aprueba todos los puntos del orden del d\u00eda<\/span>\n\t\t\t\t\t\t\t\t\t<\/li>\n\t\t\t\t\t\t<\/ul>\n\t\t\t\t\t\t<\/div>\n\t\t\t\t<\/div>\n\t\t\t\t<div class=\"elementor-element elementor-element-f61e154 elementor-widget elementor-widget-text-editor\" data-id=\"f61e154\" data-element_type=\"widget\" data-e-type=\"widget\" data-widget_type=\"text-editor.default\">\n\t\t\t\t<div class=\"elementor-widget-container\">\n\t\t\t\t\t\t\t\t\t<b>M\u00fanich, 15 de julio de 2025<\/b>: El Consejo de Supervisi\u00f3n de Rubean AG, M\u00fanich (ISIN:\nDE0005120802, WKN: 512080), ha sido reconstituido tras la Junta General Anual de la empresa de tecnolog\u00eda financiera Rubean AG.\nanual de la empresa de tecnolog\u00eda financiera. El Consejo de Supervisi\u00f3n ha nombrado a Henrica van de\nVelden como nueva Presidenta del Consejo de Supervisi\u00f3n. Van de Velden era\nDirectora General y Presidenta del Consejo de Administraci\u00f3n del Grupo CCV durante muchos a\u00f1os.\nmuchos a\u00f1os. La Sra. Van de Velden ya fue nombrada miembro del Consejo de Supervisi\u00f3n de Rubean\nRubean en abril de 2025 como sucesora del antiguo miembro del Consejo de Vigilancia\nDr. Peter von Borch, que dimiti\u00f3 por motivos personales.\t\t\t\t\t\t\t\t<\/div>\n\t\t\t\t<\/div>\n\t\t\t\t<div class=\"elementor-element elementor-element-a932bbe elementor-widget elementor-widget-text-editor\" data-id=\"a932bbe\" data-element_type=\"widget\" data-e-type=\"widget\" data-widget_type=\"text-editor.default\">\n\t\t\t\t<div class=\"elementor-widget-container\">\n\t\t\t\t\t\t\t\t\tEl hasta ahora Presidente del Consejo de Supervisi\u00f3n, Bernd Martin Krohn,\nque, al igual que van de Velden, fue elegido por la Junta General para el nuevo mandato\nhasta la Junta General de 2030, ocupar\u00e1 el cargo de Vicepresidente del Consejo de Vigilancia de Rubean.\ndel Consejo de Supervisi\u00f3n de Rubean. Por otra parte, el Prof. Dr. Mittnik, tambi\u00e9n miembro del\ndel Consejo de Supervisi\u00f3n, ha sido confirmado para el nuevo mandato. G\u00fcnter Froschermeier, Director\nde Soluciones de Pago y Director General de CCV Deutschland GmbH, tambi\u00e9n permanece\nen el Consejo de Supervisi\u00f3n.\t\t\t\t\t\t\t\t<\/div>\n\t\t\t\t<\/div>\n\t\t\t\t<div class=\"elementor-element elementor-element-12108de elementor-widget elementor-widget-text-editor\" data-id=\"12108de\" data-element_type=\"widget\" data-e-type=\"widget\" data-widget_type=\"text-editor.default\">\n\t\t\t\t<div class=\"elementor-widget-container\">\n\t\t\t\t\t\t\t\t\tAdem\u00e1s de las elecciones al Consejo de Supervisi\u00f3n, la Junta General Anual\nAdem\u00e1s de las elecciones al Consejo de Supervisi\u00f3n, la\nAdem\u00e1s de las elecciones al Consejo de Supervisi\u00f3n, la Junta General de Accionistas aprob\u00f3, con muy pocos votos en contra, la asignaci\u00f3n del beneficio neto y una serie de nuevas medidas de capital autorizado, incluido un plan de opciones sobre acciones para determinados empleados, directivos y miembros del Consejo de Administraci\u00f3n.\t\t\t\t\t\t\t\t<\/div>\n\t\t\t\t<\/div>\n\t\t\t\t<div class=\"elementor-element elementor-element-522a8b0 elementor-widget elementor-widget-heading\" data-id=\"522a8b0\" data-element_type=\"widget\" data-e-type=\"widget\" data-widget_type=\"heading.default\">\n\t\t\t\t<div class=\"elementor-widget-container\">\n\t\t\t\t\t<h2 class=\"elementor-heading-title elementor-size-default\">Sobre Rubean:<\/h2>\t\t\t\t<\/div>\n\t\t\t\t<\/div>\n\t\t\t\t<div class=\"elementor-element elementor-element-10452b8 elementor-widget elementor-widget-text-editor\" data-id=\"10452b8\" data-element_type=\"widget\" data-e-type=\"widget\" data-widget_type=\"text-editor.default\">\n\t\t\t\t<div class=\"elementor-widget-container\">\n\t\t\t\t\t\t\t\t\t<p>Rubean AG, con sede en M\u00fanich, es uno de los principales proveedores de soluciones de punto de venta puramente inform\u00e1ticas para bancos, entidades adquirentes y comercios. Esto incluye la soluci\u00f3n m\u00f3vil Phone-POS, que permite a los comerciantes recibir pagos con tarjeta directamente en su smartphone sin necesidad de un dispositivo adicional. Esta soluci\u00f3n es utilizada por proveedores de servicios de pago, grandes bancos, minoristas y peque\u00f1os comercios de toda Europa y es la \u00fanica soluci\u00f3n softPOS compatible con la girocard (tarjeta ec) en Alemania. Rubean cotiza en m:access, en la mayor\u00eda de los mercados OTC y en XETRA. M\u00e1s informaci\u00f3n en <a href=\"https:\/\/rubean.com\/es\/\">www.rubean.com<\/a><\/p>\t\t\t\t\t\t\t\t<\/div>\n\t\t\t\t<\/div>\n\t\t\t\t<div class=\"elementor-element elementor-element-e11ca77 elementor-widget elementor-widget-heading\" data-id=\"e11ca77\" data-element_type=\"widget\" data-e-type=\"widget\" data-widget_type=\"heading.default\">\n\t\t\t\t<div class=\"elementor-widget-container\">\n\t\t\t\t\t<h2 class=\"elementor-heading-title elementor-size-default\">Si tiene alguna pregunta, p\u00f3ngase en contacto con\n<\/h2>\t\t\t\t<\/div>\n\t\t\t\t<\/div>\n\t\t\t\t<div class=\"elementor-element elementor-element-254cd62 elementor-widget elementor-widget-text-editor\" data-id=\"254cd62\" data-element_type=\"widget\" data-e-type=\"widget\" data-widget_type=\"text-editor.default\">\n\t\t\t\t<div class=\"elementor-widget-container\">\n\t\t\t\t\t\t\t\t\t<p>comunicaciones alemanas AG<br \/>J\u00f6rg Bretschneider<br \/>Milchstra\u00dfe 6 B, D-20148 Hamburgo<br \/>+49 40\/46 88 33 0, Fax +49 40\/46 88 33 40<br \/><a href=\"mailto:presse@german-communications.com\">presse@german-communications.com<\/a><\/p><p>Dr. Hermann Geupel \u00a0\u00a0\u00a0\u00a0<br \/>Rubean AG\u00a0\u00a0\u00a0\u00a0\u00a0<br \/>Kistlerhofstr. 168, D-81379 M\u00fanich <br \/>+49 89 357560\u00a0\u00a0\u00a0\u00a0<br \/><a href=\"mailto:hermann.geupel@rubean.com\">hermann.geupel@rubean.com<\/a><\/p>\t\t\t\t\t\t\t\t<\/div>\n\t\t\t\t<\/div>\n\t\t\t\t\t<\/div>\n\t\t<\/div>\n\t\t\t\t\t<\/div>\n\t\t<\/section>\n\t\t\t\t<\/div>","protected":false},"excerpt":{"rendered":"<p>Bernd Martin Krohn appointed Deputy Chairman of the Supervisory Board Annual General Meeting approves all items on the agenda Munich, July 15, 2025: The Supervisory Board of Rubean AG, Munich (ISIN: DE0005120802, WKN: 512080), has been reconstituted following the Annual General Meeting of the fintech company. The Supervisory Board has appointed Henrica van de Velden [&hellip;]<\/p>\n","protected":false},"author":1,"featured_media":1407,"comment_status":"open","ping_status":"open","sticky":false,"template":"","format":"standard","meta":{"footnotes":""},"categories":[1,11],"tags":[],"class_list":["post-4079","post","type-post","status-publish","format-standard","has-post-thumbnail","hentry","category-alle","category-corporate-news"],"_links":{"self":[{"href":"https:\/\/rubean.com\/es\/wp-json\/wp\/v2\/posts\/4079","targetHints":{"allow":["GET"]}}],"collection":[{"href":"https:\/\/rubean.com\/es\/wp-json\/wp\/v2\/posts"}],"about":[{"href":"https:\/\/rubean.com\/es\/wp-json\/wp\/v2\/types\/post"}],"author":[{"embeddable":true,"href":"https:\/\/rubean.com\/es\/wp-json\/wp\/v2\/users\/1"}],"replies":[{"embeddable":true,"href":"https:\/\/rubean.com\/es\/wp-json\/wp\/v2\/comments?post=4079"}],"version-history":[{"count":4,"href":"https:\/\/rubean.com\/es\/wp-json\/wp\/v2\/posts\/4079\/revisions"}],"predecessor-version":[{"id":4083,"href":"https:\/\/rubean.com\/es\/wp-json\/wp\/v2\/posts\/4079\/revisions\/4083"}],"wp:featuredmedia":[{"embeddable":true,"href":"https:\/\/rubean.com\/es\/wp-json\/wp\/v2\/media\/1407"}],"wp:attachment":[{"href":"https:\/\/rubean.com\/es\/wp-json\/wp\/v2\/media?parent=4079"}],"wp:term":[{"taxonomy":"category","embeddable":true,"href":"https:\/\/rubean.com\/es\/wp-json\/wp\/v2\/categories?post=4079"},{"taxonomy":"post_tag","embeddable":true,"href":"https:\/\/rubean.com\/es\/wp-json\/wp\/v2\/tags?post=4079"}],"curies":[{"name":"wp","href":"https:\/\/api.w.org\/{rel}","templated":true}]}}