{"id":4079,"date":"2025-07-15T17:01:30","date_gmt":"2025-07-15T15:01:30","guid":{"rendered":"https:\/\/rubean.com\/?p=4079"},"modified":"2025-07-15T17:03:05","modified_gmt":"2025-07-15T15:03:05","slug":"henrica-van-de-velden-appointed-new-chairwoman-of-the-supervisory-board","status":"publish","type":"post","link":"https:\/\/rubean.com\/de\/2025\/07\/15\/henrica-van-de-velden-appointed-new-chairwoman-of-the-supervisory-board\/","title":{"rendered":"Henrica van de Velden zur neuen Vorsitzenden des Aufsichtsrats ernannt"},"content":{"rendered":"<div data-elementor-type=\"wp-post\" data-elementor-id=\"4079\" class=\"elementor elementor-4079\" data-elementor-post-type=\"post\">\n\t\t\t\t\t\t<section class=\"elementor-section elementor-top-section elementor-element elementor-element-6c122bb elementor-section-full_width elementor-section-height-default elementor-section-height-default\" data-id=\"6c122bb\" data-element_type=\"section\" data-e-type=\"section\">\n\t\t\t\t\t\t<div class=\"elementor-container elementor-column-gap-default\">\n\t\t\t\t\t<div class=\"elementor-column elementor-col-100 elementor-top-column elementor-element elementor-element-985a9a1\" data-id=\"985a9a1\" data-element_type=\"column\" data-e-type=\"column\">\n\t\t\t<div class=\"elementor-widget-wrap elementor-element-populated\">\n\t\t\t\t\t\t<div class=\"elementor-element elementor-element-ca4f560 elementor-icon-list--layout-traditional elementor-list-item-link-full_width elementor-widget elementor-widget-icon-list\" data-id=\"ca4f560\" data-element_type=\"widget\" data-e-type=\"widget\" data-widget_type=\"icon-list.default\">\n\t\t\t\t<div class=\"elementor-widget-container\">\n\t\t\t\t\t\t\t<ul class=\"elementor-icon-list-items\">\n\t\t\t\t\t\t\t<li class=\"elementor-icon-list-item\">\n\t\t\t\t\t\t\t\t\t\t\t<span class=\"elementor-icon-list-icon\">\n\t\t\t\t\t\t\t<i aria-hidden=\"true\" class=\"fas fa-check-circle\"><\/i>\t\t\t\t\t\t<\/span>\n\t\t\t\t\t\t\t\t\t\t<span class=\"elementor-icon-list-text\">Bernd Martin Krohn stellvertretender Vorsitzender des Aufsichtsrates<\/span>\n\t\t\t\t\t\t\t\t\t<\/li>\n\t\t\t\t\t\t\t\t<li class=\"elementor-icon-list-item\">\n\t\t\t\t\t\t\t\t\t\t\t<span class=\"elementor-icon-list-icon\">\n\t\t\t\t\t\t\t<i aria-hidden=\"true\" class=\"fas fa-check-circle\"><\/i>\t\t\t\t\t\t<\/span>\n\t\t\t\t\t\t\t\t\t\t<span class=\"elementor-icon-list-text\">Hauptversammlung genehmigte alle Tagesordnungspunkte<\/span>\n\t\t\t\t\t\t\t\t\t<\/li>\n\t\t\t\t\t\t<\/ul>\n\t\t\t\t\t\t<\/div>\n\t\t\t\t<\/div>\n\t\t\t\t<div class=\"elementor-element elementor-element-f61e154 elementor-widget elementor-widget-text-editor\" data-id=\"f61e154\" data-element_type=\"widget\" data-e-type=\"widget\" data-widget_type=\"text-editor.default\">\n\t\t\t\t<div class=\"elementor-widget-container\">\n\t\t\t\t\t\t\t\t\t<b>M\u00fcnchen, den 15. Juli 2025<\/b>: Der Aufsichtsrat der Rubean AG, M\u00fcnchen (ISIN:\nDE0005120802, WKN: 512080), hat sich im Anschluss an die Hauptversammlung des\nFintech-Unternehmens neu konstituiert. Zur neuen Vorsitzenden des Aufsichtsrates hat\nder Aufsichtsrat Henrica van de Velden bestimmt. Van de Velden war viele Jahre\ngesch\u00e4ftsf\u00fchrende Direktorin und Vorsitzende des Verwaltungsrates der CCV Group.\nFrau Van de Velden war bereits im April 2025 vom Amtsgericht M\u00fcnchen als\nNachfolgerin des aus privaten Gr\u00fcnden ausgeschiedenen ehemaligen Aufsichtsrates\nDr. Peter von Borch in den Rubean-Aufsichtsrat eingezogen.\t\t\t\t\t\t\t\t<\/div>\n\t\t\t\t<\/div>\n\t\t\t\t<div class=\"elementor-element elementor-element-a932bbe elementor-widget elementor-widget-text-editor\" data-id=\"a932bbe\" data-element_type=\"widget\" data-e-type=\"widget\" data-widget_type=\"text-editor.default\">\n\t\t\t\t<div class=\"elementor-widget-container\">\n\t\t\t\t\t\t\t\t\tDer bisherige, langj\u00e4hrige Vorsitzende des Aufsichtsrates, Bernd Martin Krohn, der\nebenso wie van de Velden von der Hauptversammlung f\u00fcr die neue Periode bis zur\nordentlichen Hauptversammlung des Jahres 2030 gew\u00e4hlt wurde, \u00fcbernimmt die\nVerantwortung als stellvertretender Vorsitzender des Aufsichtsrates von Rubean.\nDar\u00fcber hinaus wurde Prof. Dr. Mittnik, ebenfalls bereits Mitglied des Aufsichtsrates,\nf\u00fcr die neue Periode best\u00e4tigt. Weiterhin im Aufsichtsrat ist G\u00fcnter Froschermeier,\nHead of Payment Solutions und Managing Director von CCV Deutschland GmbH.\t\t\t\t\t\t\t\t<\/div>\n\t\t\t\t<\/div>\n\t\t\t\t<div class=\"elementor-element elementor-element-12108de elementor-widget elementor-widget-text-editor\" data-id=\"12108de\" data-element_type=\"widget\" data-e-type=\"widget\" data-widget_type=\"text-editor.default\">\n\t\t\t\t<div class=\"elementor-widget-container\">\n\t\t\t\t\t\t\t\t\tNeben den Wahlen zum Aufsichtsrat hat die Hauptversammlung die Verwendung des\nBilanzergebnisses sowie eine Reihe von neuen genehmigten Kapitalien mit nur sehr\ngeringf\u00fcgige Gegenstimmen beschlossen, darunter ein Aktienoptionsplan f\u00fcr\nausgew\u00e4hlte Arbeitnehmer, F\u00fchrungskr\u00e4fte und den Vorstand.\t\t\t\t\t\t\t\t<\/div>\n\t\t\t\t<\/div>\n\t\t\t\t<div class=\"elementor-element elementor-element-522a8b0 elementor-widget elementor-widget-heading\" data-id=\"522a8b0\" data-element_type=\"widget\" data-e-type=\"widget\" data-widget_type=\"heading.default\">\n\t\t\t\t<div class=\"elementor-widget-container\">\n\t\t\t\t\t<h2 class=\"elementor-heading-title elementor-size-default\">\u00dcber Rubean:<\/h2>\t\t\t\t<\/div>\n\t\t\t\t<\/div>\n\t\t\t\t<div class=\"elementor-element elementor-element-10452b8 elementor-widget elementor-widget-text-editor\" data-id=\"10452b8\" data-element_type=\"widget\" data-e-type=\"widget\" data-widget_type=\"text-editor.default\">\n\t\t\t\t<div class=\"elementor-widget-container\">\n\t\t\t\t\t\t\t\t\t<p>Die Rubean AG, M\u00fcnchen, ist ein f\u00fchrender Anbieter von reinen Software-Point-of-Sale-L\u00f6sungen f\u00fcr Banken, Acquirer und H\u00e4ndler. Dazu geh\u00f6rt die mobile softPOS-L\u00f6sung PhonePOS, die es H\u00e4ndlern erm\u00f6glicht, Kartenzahlungen direkt auf ihrem Smartphone zu empfangen, ohne dass ein weiteres Ger\u00e4t ben\u00f6tigt wird. Diese L\u00f6sung wird von Zahlungsdienstleistern, Gro\u00dfbanken, Einzelh\u00e4ndlern und kleineren H\u00e4ndlern in ganz Europa eingesetzt und ist die einzige softPOS-L\u00f6sung, die die girocard (ec-Karte) in Deutschland unterst\u00fctzt. Rubean ist am m:access sowie an den meisten Freiverkehrshandelspl\u00e4tzen und XETRA notiert. Weitere Informationen finden Sie auch unter www.rubean.com <a href=\"https:\/\/rubean.com\/de\/\">www.rubean.com<\/a><\/p>\t\t\t\t\t\t\t\t<\/div>\n\t\t\t\t<\/div>\n\t\t\t\t<div class=\"elementor-element elementor-element-e11ca77 elementor-widget elementor-widget-heading\" data-id=\"e11ca77\" data-element_type=\"widget\" data-e-type=\"widget\" data-widget_type=\"heading.default\">\n\t\t\t\t<div class=\"elementor-widget-container\">\n\t\t\t\t\t<h2 class=\"elementor-heading-title elementor-size-default\">Bei R\u00fcckfragen wenden Sie sich bitte an:\n<\/h2>\t\t\t\t<\/div>\n\t\t\t\t<\/div>\n\t\t\t\t<div class=\"elementor-element elementor-element-254cd62 elementor-widget elementor-widget-text-editor\" data-id=\"254cd62\" data-element_type=\"widget\" data-e-type=\"widget\" data-widget_type=\"text-editor.default\">\n\t\t\t\t<div class=\"elementor-widget-container\">\n\t\t\t\t\t\t\t\t\t<p>german communications AG<br \/>J\u00f6rg Bretschneider<br \/>B\u00f6hmersweg 5, D-20148 Hamburg<br \/>+49 40\/46 88 33 0, Fax +49 40\/46 88 33 40<br \/><a href=\"mailto:presse@german-communications.com\">mailto:presse@german-communications.com<\/a><\/p><p>Dr. Hermann Geupel \u00a0\u00a0\u00a0\u00a0<br \/>Rubean AG\u00a0\u00a0\u00a0\u00a0\u00a0<br \/>Kistlerhofstra\u00dfe 168, D-81379 M\u00fcnchen <br \/>+49 89 357560\u00a0\u00a0\u00a0\u00a0<br \/><a href=\"mailto:hermann.geupel@rubean.com\">mailto:hermann.geupel@rubean.com<\/a><\/p>\t\t\t\t\t\t\t\t<\/div>\n\t\t\t\t<\/div>\n\t\t\t\t\t<\/div>\n\t\t<\/div>\n\t\t\t\t\t<\/div>\n\t\t<\/section>\n\t\t\t\t<\/div>","protected":false},"excerpt":{"rendered":"<p>Bernd Martin Krohn appointed Deputy Chairman of the Supervisory Board Annual General Meeting approves all items on the agenda Munich, July 15, 2025: The Supervisory Board of Rubean AG, Munich (ISIN: DE0005120802, WKN: 512080), has been reconstituted following the Annual General Meeting of the fintech company. The Supervisory Board has appointed Henrica van de Velden [&hellip;]<\/p>\n","protected":false},"author":1,"featured_media":1407,"comment_status":"open","ping_status":"open","sticky":false,"template":"","format":"standard","meta":{"footnotes":""},"categories":[1,11],"tags":[],"class_list":["post-4079","post","type-post","status-publish","format-standard","has-post-thumbnail","hentry","category-alle","category-corporate-news"],"_links":{"self":[{"href":"https:\/\/rubean.com\/de\/wp-json\/wp\/v2\/posts\/4079","targetHints":{"allow":["GET"]}}],"collection":[{"href":"https:\/\/rubean.com\/de\/wp-json\/wp\/v2\/posts"}],"about":[{"href":"https:\/\/rubean.com\/de\/wp-json\/wp\/v2\/types\/post"}],"author":[{"embeddable":true,"href":"https:\/\/rubean.com\/de\/wp-json\/wp\/v2\/users\/1"}],"replies":[{"embeddable":true,"href":"https:\/\/rubean.com\/de\/wp-json\/wp\/v2\/comments?post=4079"}],"version-history":[{"count":4,"href":"https:\/\/rubean.com\/de\/wp-json\/wp\/v2\/posts\/4079\/revisions"}],"predecessor-version":[{"id":4083,"href":"https:\/\/rubean.com\/de\/wp-json\/wp\/v2\/posts\/4079\/revisions\/4083"}],"wp:featuredmedia":[{"embeddable":true,"href":"https:\/\/rubean.com\/de\/wp-json\/wp\/v2\/media\/1407"}],"wp:attachment":[{"href":"https:\/\/rubean.com\/de\/wp-json\/wp\/v2\/media?parent=4079"}],"wp:term":[{"taxonomy":"category","embeddable":true,"href":"https:\/\/rubean.com\/de\/wp-json\/wp\/v2\/categories?post=4079"},{"taxonomy":"post_tag","embeddable":true,"href":"https:\/\/rubean.com\/de\/wp-json\/wp\/v2\/tags?post=4079"}],"curies":[{"name":"wp","href":"https:\/\/api.w.org\/{rel}","templated":true}]}}